[{"@context":"https:\/\/schema.org\/","@type":"Article","@id":"https:\/\/www.augle.cz\/nechte-si-svoji-s-r-o-zalozit\/#Article","mainEntityOfPage":"https:\/\/www.augle.cz\/nechte-si-svoji-s-r-o-zalozit\/","headline":"Nechte si svoji s.r.o. zalo\u017eit","name":"Nechte si svoji s.r.o. zalo\u017eit","description":"I kdyby byl n\u011bkdo z n\u00e1s lid\u00ed nejtalento https:\/\/www.databazeknih.cz\/knihy\/travis-misto-v-zivote-124107 van\u011bj\u0161\u00ed, p\u0159ece jenom v\u00e1h\u00e1 a t\u00e1pe, [&hellip;]","datePublished":"2023-04-29","dateModified":"2023-07-31","author":{"@type":"Person","@id":"https:\/\/www.augle.cz\/author\/#Person","name":"","url":"https:\/\/www.augle.cz\/author\/","identifier":1,"image":{"@type":"ImageObject","@id":"https:\/\/secure.gravatar.com\/avatar\/baa231f7e1963b29d6549eb0e137b049d877d4e97c51386f463c7d4fc98329bd?s=96&d=mm&r=g","url":"https:\/\/secure.gravatar.com\/avatar\/baa231f7e1963b29d6549eb0e137b049d877d4e97c51386f463c7d4fc98329bd?s=96&d=mm&r=g","height":96,"width":96}},"publisher":{"@type":"Organization","name":"augle.cz","logo":{"@type":"ImageObject","@id":"\/logo.png","url":"\/logo.png","width":600,"height":60}},"image":{"@type":"ImageObject","@id":"https:\/\/www.augle.cz\/wp-content\/uploads\/fff_9.jpg","url":"https:\/\/www.augle.cz\/wp-content\/uploads\/fff_9.jpg","height":0,"width":0},"url":"https:\/\/www.augle.cz\/nechte-si-svoji-s-r-o-zalozit\/","about":["Business"],"wordCount":466,"articleBody":"   I kdyby byl n\u011bkdo z n\u00e1s lid\u00ed nejtalento https:\/\/www.databazeknih.cz\/knihy\/travis-misto-v-zivote-124107 van\u011bj\u0161\u00ed, p\u0159ece jenom v\u00e1h\u00e1 a t\u00e1pe, pokud d\u011bl\u00e1 n\u011bco v \u017eivot\u011b poprv\u00e9. A nem\u016f\u017ee to b\u00fdt jin\u00e9 ani u lid\u00ed, kte\u0159\u00ed se poprv\u00e9 v \u017eivot\u011b chystaj\u00ed pustit do soukrom\u00e9ho podnik\u00e1n\u00ed. I ti to p\u0159ece d\u011blaj\u00ed poprv\u00e9, a vzhledem k tomu, \u017ee se nejedn\u00e1 o \u017e\u00e1dn\u00fdch p\u00e1r ban\u00e1ln\u00edch \u00fakon\u016f, z toho mohou m\u00edt t\u011b\u017ekou hlavu. A mohou m\u00edt t\u0159eba i tendenci to rad\u011bji vzd\u00e1t. Proto\u017ee necht\u011bj\u00ed chybovat a t\u0159eba se i boj\u00ed, aby nebyli se svou neznalost\u00ed n\u011bkomu k sm\u00edchu. A i ti, kdo t\u00edmto probl\u00e9mem netrp\u00ed, mohou m\u00edt se za\u0159izov\u00e1n\u00edm si sv\u00e9 firmy probl\u00e9m, a to proto, \u017ee t\u0159eba nemaj\u00ed \u010dasu nebo energie nazbyt.Jen\u017ee podnikat bez sv\u00e9 firmy nelze. A tak si ji mus\u00ed ka\u017ed\u00fd po podnik\u00e1n\u00ed tou\u017e\u00edc\u00ed jedinec zalo\u017eit. Nebo to mus\u00ed nechat na n\u011bkom, kdo to ud\u011bl\u00e1 za n\u011bj. A to pochopiteln\u011b ne jen tak na n\u011bkom, n\u00fdbr\u017e na tom, kdo zn\u00e1 postup a lehce si s t\u00edm porad\u00ed.A zn\u00e1 p\u0159i zalo\u017een\u00ed sro postup companiesandoffices.cz? Samoz\u0159ejm\u011b, \u017ee to tato firma zn\u00e1 a um\u00ed. V\u011bnuje se tomu toti\u017e profesion\u00e1ln\u011b, a krom\u011b toho, \u017ee nab\u00edz\u00ed podnikatel\u016fm virtu\u00e1ln\u00ed s\u00eddla, se jim star\u00e1 klidn\u011b i o zakl\u00e1d\u00e1n\u00ed spole\u010dnost\u00ed s ru\u010den\u00edm omezen\u00fdm. A kdo se t\u00edm tedy nechce zab\u00fdvat, nemus\u00ed. Obr\u00e1t\u00ed se na n\u011b a oni u\u017e se o v\u0161echno d\u016fle\u017eit\u00e9 postaraj\u00ed.Ani\u017e by se \u010dlov\u011bk musel nervovat, p\u0159ijde ke sv\u00e9 spole\u010dnosti s ru\u010den\u00edm omezen\u00fdm rychle a efektivn\u011b. Zvol\u00ed a prov\u011b\u0159\u00ed mu tu zvolen\u00fd n\u00e1zev spole\u010dnosti, postaraj\u00ed se mu o v\u0161echno s t\u00edmto souvisej\u00edc\u00ed pap\u00edrov\u00e1n\u00ed a poskytnou nov\u011b vznikl\u00e9 firm\u011b klidn\u011b i virtu\u00e1ln\u00ed s\u00eddlo ve sv\u00e9 vlastn\u00ed budov\u011b. \u010c\u00edm\u017e m\u00e1 jejich klient za sebou prvn\u00ed krok na cest\u011b k podnikatelsk\u00fdm \u00fasp\u011bch\u016fm.A m\u00e1te-li i vy z\u00e1jem o takovou pomoc, klidn\u011b si ji dop\u0159ejte. Sta\u010d\u00ed se na tyto profesion\u00e1ly obr\u00e1tit a dohodnout se na podm\u00ednk\u00e1ch, kter\u00e9 jsou tu v\u011bru p\u0159\u00edzniv\u00e9. I kdy\u017e jde t\u00e9to firm\u011b hlavn\u011b o nab\u00edzen\u00ed virtu\u00e1ln\u00edch s\u00eddel podnikatel\u016fm, je i jej\u00ed pomoc se zakl\u00e1d\u00e1n\u00edm s.r.o. zjevn\u011b d\u016fle\u017eit\u00e1 a popul\u00e1rn\u00ed. Kolik u\u017e jenom bylo t\u011bch, kdo dali t\u00e9to nab\u00eddce p\u0159ednost p\u0159ed vlastn\u00ed anga\u017eovanost\u00ed!                                                                                                                                                                                                                                                                                                                                                                                          4\/5 - (9 votes)        "},{"@context":"https:\/\/schema.org\/","@type":"BreadcrumbList","itemListElement":[{"@type":"ListItem","position":1,"name":"Nechte si svoji s.r.o. zalo\u017eit","item":"https:\/\/www.augle.cz\/nechte-si-svoji-s-r-o-zalozit\/#breadcrumbitem"}]}]